 {"id":65,"date":"2024-04-09T19:23:27","date_gmt":"2024-04-09T17:23:27","guid":{"rendered":"https:\/\/techgarden.hr\/de\/?post_type=obloge_umjetne&#038;p=65"},"modified":"2024-07-18T08:58:54","modified_gmt":"2024-07-18T06:58:54","slug":"kunstliche-pflanzen-mit-uv-schutz","status":"publish","type":"obloge_umjetne","link":"https:\/\/techgarden.hr\/de\/wandverkleidungen-kunstlicher-pflanzen\/kunstliche-pflanzen-mit-uv-schutz\/","title":{"rendered":"K\u00fcnstliche Pflanzen Mit Uv-Schutz"},"content":{"rendered":"\n<h2 class=\"wp-block-heading\"><strong><strong>K\u00fcnstliche Pflanzen Mit Uv-Schutz<\/strong><\/strong> f\u00fcr Innen- und Au\u00dfenbereiche<\/h2>\n\n\n\n<p>Hergestellt aus ungiftigem frischem Polyethylen (PE), das mit einer UV-Schutzformel angereichert ist, bieten die k\u00fcnstlichen UV-Pflanzen von Tech Garden eine herausragende Option zur Versch\u00f6nerung von sonnenexponierten R\u00e4umen wie Balkonen, Terrassen, Loggien und Innenr\u00e4umen. Die Vielseitigkeit unseres Produkts erm\u00f6glicht es uns, uns nahtlos an Ihre W\u00fcnsche anzupassen und eine Personalisierung zu gew\u00e4hrleisten. Seien Sie versichert, mit Tech Garden erhalten Sie ein einzigartiges Produkt, das sorgf\u00e4ltig entworfen und exklusiv f\u00fcr Sie ma\u00dfgeschneidert wurde.<\/p>\n","protected":false},"excerpt":{"rendered":"<p>Versch\u00f6nern Sie Ihren Raum mit den UV-gesch\u00fctzten k\u00fcnstlichen Pflanzen von Tech Garden. Ideal f\u00fcr Innen- und Au\u00dfenbereiche, bieten sie eine ausgezeichnete Option f\u00fcr sonnige Pl\u00e4tze wie Balkone und Terrassen.<\/p>\n","protected":false},"featured_media":130934,"menu_order":0,"template":"","meta":{"_acf_changed":true,"_et_pb_use_builder":"","_et_pb_old_content":"","_et_gb_content_width":""},"class_list":["post-65","obloge_umjetne","type-obloge_umjetne","status-publish","has-post-thumbnail","hentry"],"acf":[],"_links":{"self":[{"href":"https:\/\/techgarden.hr\/de\/wp-json\/wp\/v2\/obloge_umjetne\/65","targetHints":{"allow":["GET"]}}],"collection":[{"href":"https:\/\/techgarden.hr\/de\/wp-json\/wp\/v2\/obloge_umjetne"}],"about":[{"href":"https:\/\/techgarden.hr\/de\/wp-json\/wp\/v2\/types\/obloge_umjetne"}],"wp:featuredmedia":[{"embeddable":true,"href":"https:\/\/techgarden.hr\/de\/wp-json\/wp\/v2\/media\/130934"}],"wp:attachment":[{"href":"https:\/\/techgarden.hr\/de\/wp-json\/wp\/v2\/media?parent=65"}],"curies":[{"name":"wp","href":"https:\/\/api.w.org\/{rel}","templated":true}]}}