 {"id":64,"date":"2024-04-09T19:22:43","date_gmt":"2024-04-09T17:22:43","guid":{"rendered":"https:\/\/techgarden.hr\/de\/?post_type=obloge_prirodne&#038;p=64"},"modified":"2024-06-27T01:28:26","modified_gmt":"2024-06-26T23:28:26","slug":"efeu","status":"publish","type":"obloge_prirodne","link":"https:\/\/techgarden.hr\/de\/wandverkleidungen-aus-naturlichen-pflanzen\/efeu\/","title":{"rendered":"Efeu"},"content":{"rendered":"\n<h2 class=\"wp-block-heading\"><strong>Efeu<\/strong> <strong>f\u00fcr Innenr\u00e4ume<\/strong><\/h2>\n\n\n\n<p>F\u00fcr unsere Efeu-Wandpaneele verwenden wir die Zweige und Bl\u00e4tter von Hedera Arbore und Helix Efeu, die einen reichen, nat\u00fcrlichen dunkelgr\u00fcnen Farbton aufweisen.<\/p>\n\n\n\n<p>Unsere Efeu-Wandpaneele sind inspiriert von der Natur und eine ausgezeichnete L\u00f6sung f\u00fcr die Innenraumgestaltung. Neben ihrer Verwendung als Wandverkleidungen eignen sich die Paneele auch als Deckenverkleidungen, um dem Raum zus\u00e4tzliche Dimension und W\u00e4rme zu verleihen.<\/p>\n\n\n\n<p>Die Anwesenheit von nat\u00fcrlichem Efeu verwandelt jeden Innenraum und bringt ein Gef\u00fchl von nat\u00fcrlicher Gr\u00fcnfl\u00e4che mit sich. Ihr einzigartiges Erscheinungsbild sorgt f\u00fcr ein authentisches Naturerlebnis und verringert den Bedarf an regelm\u00e4\u00dfiger Wartung wie Bew\u00e4sserung oder Beschneidung. Dar\u00fcber hinaus bereichern unsere Paneele den Raum \u00e4sthetisch mit ihrer nat\u00fcrlichen Sch\u00f6nheit und sorgen f\u00fcr Komfort und eine angenehme Atmosph\u00e4re.<\/p>\n\n\n\n<p>Wir fertigen alle Wandverkleidungen in kundenspezifischen Abmessungen auf flachen oder flexiblen Untergr\u00fcnden &#8211; alles nach den Bed\u00fcrfnissen des Kunden<\/p>\n","protected":false},"excerpt":{"rendered":"<p>Verbessern Sie Ihr Interieur mit unseren nat\u00fcrlichen Efeu-Wandpaneelen. Wartungsfrei, ma\u00dfgeschneiderte Abmessungen nach Ihren Vorlieben.<\/p>\n","protected":false},"author":1,"featured_media":131825,"template":"","meta":{"_acf_changed":false,"_et_pb_use_builder":"","_et_pb_old_content":"","_et_gb_content_width":""},"class_list":["post-64","obloge_prirodne","type-obloge_prirodne","status-publish","has-post-thumbnail","hentry"],"acf":[],"_links":{"self":[{"href":"https:\/\/techgarden.hr\/de\/wp-json\/wp\/v2\/obloge_prirodne\/64","targetHints":{"allow":["GET"]}}],"collection":[{"href":"https:\/\/techgarden.hr\/de\/wp-json\/wp\/v2\/obloge_prirodne"}],"about":[{"href":"https:\/\/techgarden.hr\/de\/wp-json\/wp\/v2\/types\/obloge_prirodne"}],"author":[{"embeddable":true,"href":"https:\/\/techgarden.hr\/de\/wp-json\/wp\/v2\/users\/1"}],"wp:featuredmedia":[{"embeddable":true,"href":"https:\/\/techgarden.hr\/de\/wp-json\/wp\/v2\/media\/131825"}],"wp:attachment":[{"href":"https:\/\/techgarden.hr\/de\/wp-json\/wp\/v2\/media?parent=64"}],"curies":[{"name":"wp","href":"https:\/\/api.w.org\/{rel}","templated":true}]}}