 {"id":63,"date":"2024-04-09T19:22:29","date_gmt":"2024-04-09T17:22:29","guid":{"rendered":"https:\/\/techgarden.hr\/de\/?post_type=obloge_prirodne&#038;p=63"},"modified":"2024-07-18T08:53:36","modified_gmt":"2024-07-18T06:53:36","slug":"islandisches-lichen","status":"publish","type":"obloge_prirodne","link":"https:\/\/techgarden.hr\/de\/wandverkleidungen-aus-naturlichen-pflanzen\/islandisches-lichen\/","title":{"rendered":"Isl\u00e4ndisches Lichen"},"content":{"rendered":"\n<h2 class=\"wp-block-heading\"><strong>Isl\u00e4ndisches Lichen<\/strong> <strong>f\u00fcr Innenr\u00e4ume<\/strong><\/h2>\n\n\n\n<p>Die Tech Garden-Wandverkleidungen aus isl\u00e4ndischem Flechtenmoos sind bekannt f\u00fcr ihre herausragende Qualit\u00e4t. Das Moos wird sorgf\u00e4ltig aus nat\u00fcrlich wachsendem Rentiermoos ausgew\u00e4hlt und dann unter Beachtung aller \u00f6kologischen Prozesse konserviert, damit Qualit\u00e4t und Erscheinungsbild m\u00f6glichst stabil sind.<\/p>\n\n\n\n<p>Wie alle Wandverkleidungen aus nat\u00fcrlichen konservierten Pflanzen ben\u00f6tigt auch diese keine Wartung oder Bew\u00e4sserung. Wenn die Luftfeuchtigkeit im Raum unter 40% liegt, kann das Flechtenmoos h\u00e4rter werden, aber es wird wieder weicher, sobald die Luftfeuchtigkeit zunimmt.<\/p>\n\n\n\n<p>Sie k\u00f6nnen zwischen zwei Kategorien von Flechtenwandverkleidungen w\u00e4hlen: LUXUS- und STANDARD-Kategorie.<\/p>\n\n\n\n<p>Wir fertigen alle Wandverkleidungen in kundenspezifischen Abmessungen auf flachen oder flexiblen Untergr\u00fcnden &#8211; alles nach den Bed\u00fcrfnissen des Kunden.<\/p>\n","protected":false},"excerpt":{"rendered":"<p>Verbessern Sie Ihr Interieur mit unseren Wandverkleidungen aus isl\u00e4ndischem Flechtenmoos. Wartungsfrei, ma\u00dfgeschneiderte Abmessungen nach Ihren W\u00fcnschen. Erh\u00e4ltlich in Luxus- und Standardkategorien.<\/p>\n","protected":false},"author":1,"featured_media":132469,"template":"","meta":{"_acf_changed":true,"_et_pb_use_builder":"","_et_pb_old_content":"","_et_gb_content_width":""},"class_list":["post-63","obloge_prirodne","type-obloge_prirodne","status-publish","has-post-thumbnail","hentry"],"acf":[],"_links":{"self":[{"href":"https:\/\/techgarden.hr\/de\/wp-json\/wp\/v2\/obloge_prirodne\/63","targetHints":{"allow":["GET"]}}],"collection":[{"href":"https:\/\/techgarden.hr\/de\/wp-json\/wp\/v2\/obloge_prirodne"}],"about":[{"href":"https:\/\/techgarden.hr\/de\/wp-json\/wp\/v2\/types\/obloge_prirodne"}],"author":[{"embeddable":true,"href":"https:\/\/techgarden.hr\/de\/wp-json\/wp\/v2\/users\/1"}],"wp:featuredmedia":[{"embeddable":true,"href":"https:\/\/techgarden.hr\/de\/wp-json\/wp\/v2\/media\/132469"}],"wp:attachment":[{"href":"https:\/\/techgarden.hr\/de\/wp-json\/wp\/v2\/media?parent=63"}],"curies":[{"name":"wp","href":"https:\/\/api.w.org\/{rel}","templated":true}]}}