 {"id":61,"date":"2024-04-09T19:21:50","date_gmt":"2024-04-09T17:21:50","guid":{"rendered":"https:\/\/techgarden.hr\/de\/?post_type=obloge_prirodne&#038;p=61"},"modified":"2024-07-18T08:55:38","modified_gmt":"2024-07-18T06:55:38","slug":"waldwandverkleidung","status":"publish","type":"obloge_prirodne","link":"https:\/\/techgarden.hr\/de\/wandverkleidungen-aus-naturlichen-pflanzen\/waldwandverkleidung\/","title":{"rendered":"Waldwandverkleidung"},"content":{"rendered":"\n<h2 class=\"wp-block-heading\"><strong>Waldwandverkleidung<\/strong> <strong>f\u00fcr Innenr\u00e4ume<\/strong><\/h2>\n\n\n\n<p>Waldwandverkleidungen bringen die Natur in jeden Innenraum und erzeugen den Eindruck von Waldwildnis. Sie sind eine modernere Version der herk\u00f6mmlichen vertikalen G\u00e4rten, da sie keine Wartung in Form von Bew\u00e4sserung, Beschneidung und \u00e4hnlichem erfordern.<\/p>\n\n\n\n<p>Als Basis f\u00fcr Waldwandverkleidungen verwenden wir Flach- und Polarmoos und f\u00fcllen es mit einer Vielzahl von Farnen, Bl\u00e4ttern, Zweigen und Kr\u00e4utern, von denen wir mehrere Arten von Efeu und Eukalyptus herausheben, die \u00e4u\u00dferst dekorativ und langlebig sind.<\/p>\n\n\n\n<p>Wir bieten zwei Arten von Waldwandverkleidungen an. W\u00e4hlen Sie zwischen einer Waldgr\u00fcnwand mit 40-45% Vegetationsbedeckung und einer dichten Waldwand, die mit 60-65% Vegetation gef\u00fcllt ist.<\/p>\n\n\n\n<p>Wir fertigen alle Wandverkleidungen in kundenspezifischen Abmessungen auf flachen oder flexiblen Untergr\u00fcnden &#8211; alles nach den Bed\u00fcrfnissen des Kunden.<\/p>\n","protected":false},"excerpt":{"rendered":"<p>Bringen Sie die Natur mit unseren Wald-Wandverkleidungen in Ihr Zuhause &#8211; von W\u00e4nden in Waldgr\u00fcn bis hin zu dichten Waldw\u00e4nden mit verschiedenen Pflanzenarten. Ma\u00dfgeschneiderte Dimensionen nach Ihren Vorlieben angepasst.<\/p>\n","protected":false},"author":1,"featured_media":216,"template":"","meta":{"_acf_changed":true,"_et_pb_use_builder":"","_et_pb_old_content":"","_et_gb_content_width":""},"class_list":["post-61","obloge_prirodne","type-obloge_prirodne","status-publish","has-post-thumbnail","hentry"],"acf":[],"_links":{"self":[{"href":"https:\/\/techgarden.hr\/de\/wp-json\/wp\/v2\/obloge_prirodne\/61","targetHints":{"allow":["GET"]}}],"collection":[{"href":"https:\/\/techgarden.hr\/de\/wp-json\/wp\/v2\/obloge_prirodne"}],"about":[{"href":"https:\/\/techgarden.hr\/de\/wp-json\/wp\/v2\/types\/obloge_prirodne"}],"author":[{"embeddable":true,"href":"https:\/\/techgarden.hr\/de\/wp-json\/wp\/v2\/users\/1"}],"wp:featuredmedia":[{"embeddable":true,"href":"https:\/\/techgarden.hr\/de\/wp-json\/wp\/v2\/media\/216"}],"wp:attachment":[{"href":"https:\/\/techgarden.hr\/de\/wp-json\/wp\/v2\/media?parent=61"}],"curies":[{"name":"wp","href":"https:\/\/api.w.org\/{rel}","templated":true}]}}