 {"id":60,"date":"2024-04-09T19:21:29","date_gmt":"2024-04-09T17:21:29","guid":{"rendered":"https:\/\/techgarden.hr\/de\/?post_type=obloge_prirodne&#038;p=60"},"modified":"2024-07-18T08:56:26","modified_gmt":"2024-07-18T06:56:26","slug":"polarmoos","status":"publish","type":"obloge_prirodne","link":"https:\/\/techgarden.hr\/de\/wandverkleidungen-aus-naturlichen-pflanzen\/polarmoos\/","title":{"rendered":"Polarmoos"},"content":{"rendered":"\n<h2 class=\"wp-block-heading\"><strong>Polarmoos<\/strong> f\u00fcr Innenr\u00e4ume<\/h2>\n\n\n\n<p>Polarmoos bleibt durch biotechnologische und \u00f6kologische Prozesse dauerhaft frisch und gr\u00fcn. Das Ergebnis ist ein atemberaubendes dreidimensionales Moos, das jeden Innenraum ohne Wartung verwandelt; kein Gie\u00dfen und kein Bedarf an Sonnenlicht.<\/p>\n\n\n\n<p>Eine der wichtigsten Eigenschaften von Polarmoos ist seine au\u00dfergew\u00f6hnliche Vielseitigkeit, die eine harmonische Integration mit verschiedenen Materialien wie Stein, Glas und Marmor erm\u00f6glicht. Dieses anpassungsf\u00e4hige Element er\u00f6ffnet unbegrenzte Gestaltungsm\u00f6glichkeiten und macht es zur perfekten Wahl f\u00fcr eine Vielzahl von Einrichtungsstilen.<\/p>\n\n\n\n<p>Wir fertigen alle Wandverkleidungen in kundenspezifischen Abmessungen auf flachen oder flexiblen Untergr\u00fcnden &#8211; alles nach den Bed\u00fcrfnissen des Kunden.<\/p>\n","protected":false},"excerpt":{"rendered":"<p>Beleben Sie Ihr Interieur mit unseren strapazierf\u00e4higen Polar-Moos-Wandverkleidungen wieder. Wartungsfrei, ma\u00dfgeschneiderte Dimensionen ganz nach Ihren Vorlieben. Verbessern Sie Ihren Raum m\u00fchelos.<\/p>\n","protected":false},"author":1,"featured_media":242988,"template":"","meta":{"_acf_changed":true,"_et_pb_use_builder":"","_et_pb_old_content":"","_et_gb_content_width":""},"class_list":["post-60","obloge_prirodne","type-obloge_prirodne","status-publish","has-post-thumbnail","hentry"],"acf":[],"_links":{"self":[{"href":"https:\/\/techgarden.hr\/de\/wp-json\/wp\/v2\/obloge_prirodne\/60","targetHints":{"allow":["GET"]}}],"collection":[{"href":"https:\/\/techgarden.hr\/de\/wp-json\/wp\/v2\/obloge_prirodne"}],"about":[{"href":"https:\/\/techgarden.hr\/de\/wp-json\/wp\/v2\/types\/obloge_prirodne"}],"author":[{"embeddable":true,"href":"https:\/\/techgarden.hr\/de\/wp-json\/wp\/v2\/users\/1"}],"wp:featuredmedia":[{"embeddable":true,"href":"https:\/\/techgarden.hr\/de\/wp-json\/wp\/v2\/media\/242988"}],"wp:attachment":[{"href":"https:\/\/techgarden.hr\/de\/wp-json\/wp\/v2\/media?parent=60"}],"curies":[{"name":"wp","href":"https:\/\/api.w.org\/{rel}","templated":true}]}}