 {"id":59,"date":"2024-04-09T19:21:16","date_gmt":"2024-04-09T17:21:16","guid":{"rendered":"https:\/\/techgarden.hr\/de\/?post_type=obloge_prirodne&#038;p=59"},"modified":"2024-06-27T01:27:03","modified_gmt":"2024-06-26T23:27:03","slug":"flachmoos","status":"publish","type":"obloge_prirodne","link":"https:\/\/techgarden.hr\/de\/wandverkleidungen-aus-naturlichen-pflanzen\/flachmoos\/","title":{"rendered":"Flachmoos"},"content":{"rendered":"\n<h2 class=\"wp-block-heading\"><strong>Flachmoos<\/strong> f\u00fcr Innenr\u00e4ume<\/h2>\n\n\n\n<p>Die von Tech Garden hergestellten Wandverkleidungen aus Flachmoos bestehen aus stabilisiertem Moos, das einem Konservierungsprozess unterzogen wird, um das nat\u00fcrlichste Aussehen und die nat\u00fcrliche Textur zu bewahren. Diese Methode gew\u00e4hrleistet neben der visuellen Identit\u00e4t des Flachmooses auch dessen Haltbarkeit.<\/p>\n\n\n\n<p>Stabilisiertes Flachmoos wird aufgrund seiner F\u00e4higkeit, einen Hauch von Natur in R\u00e4ume zu bringen, ohne dass Pflege oder Bew\u00e4sserung erforderlich sind, weitgehend im Innenraumdesign eingesetzt. Seine Anpassungsf\u00e4higkeit erm\u00f6glicht auch die Integration mit anderen nat\u00fcrlichen konservierten Moosen und Pflanzen sowie mit lebenden und k\u00fcnstlichen Pflanzen.<\/p>\n\n\n\n<p>Wir fertigen alle Wandverkleidungen in kundenspezifischen Abmessungen auf flachen oder flexiblen Untergr\u00fcnden &#8211; alles nach den Bed\u00fcrfnissen des Kunden.<\/p>\n","protected":false},"excerpt":{"rendered":"<p>Bringen Sie nat\u00fcrliche Eleganz in Ihren Raum mit unseren stabilisierten Moos-Wandverkleidungen. Ma\u00dfgeschneiderte Dimensionen nach Ihren W\u00fcnschen. Wartungsfrei<\/p>\n","protected":false},"author":1,"featured_media":131827,"template":"","meta":{"_acf_changed":false,"_et_pb_use_builder":"","_et_pb_old_content":"","_et_gb_content_width":""},"class_list":["post-59","obloge_prirodne","type-obloge_prirodne","status-publish","has-post-thumbnail","hentry"],"acf":[],"_links":{"self":[{"href":"https:\/\/techgarden.hr\/de\/wp-json\/wp\/v2\/obloge_prirodne\/59","targetHints":{"allow":["GET"]}}],"collection":[{"href":"https:\/\/techgarden.hr\/de\/wp-json\/wp\/v2\/obloge_prirodne"}],"about":[{"href":"https:\/\/techgarden.hr\/de\/wp-json\/wp\/v2\/types\/obloge_prirodne"}],"author":[{"embeddable":true,"href":"https:\/\/techgarden.hr\/de\/wp-json\/wp\/v2\/users\/1"}],"wp:featuredmedia":[{"embeddable":true,"href":"https:\/\/techgarden.hr\/de\/wp-json\/wp\/v2\/media\/131827"}],"wp:attachment":[{"href":"https:\/\/techgarden.hr\/de\/wp-json\/wp\/v2\/media?parent=59"}],"curies":[{"name":"wp","href":"https:\/\/api.w.org\/{rel}","templated":true}]}}